
{"id":1977,"date":"2026-03-09T09:12:10","date_gmt":"2026-03-09T08:12:10","guid":{"rendered":"https:\/\/przedszkole13.edu.wroclaw.pl\/?p=1977"},"modified":"2026-03-09T09:12:10","modified_gmt":"2026-03-09T08:12:10","slug":"dzien-kota-w-naszym-przedszkolu","status":"publish","type":"post","link":"https:\/\/przedszkole13.edu.wroclaw.pl\/index.php\/2026\/03\/09\/dzien-kota-w-naszym-przedszkolu\/","title":{"rendered":"Dzie\u0144 Kota w naszym przedszkolu"},"content":{"rendered":"<p class=\"isSelectedEnd\">W naszym przedszkolu ch\u0119tnie organizujemy r\u00f3\u017cne dodatkowe \u015bwi\u0119ta i dni tematyczne, kt\u00f3re sprawiaj\u0105 dzieciom du\u017co rado\u015bci oraz s\u0105 okazj\u0105 do zdobywania nowych do\u015bwiadcze\u0144.<\/p>\n<p class=\"isSelectedEnd\">Z okazji Dnia Kota, 05.03.2026 r., odby\u0142o si\u0119 wyj\u0105tkowe spotkanie z prawdziwym kotem. Nasze przedszkole odwiedzi\u0142a ciocia jednego z przedszkolak\u00f3w, kt\u00f3ra przysz\u0142a do nas ze swoim pupilem.<\/p>\n<p class=\"isSelectedEnd\">Podczas spotkania dzieci mog\u0142y z bliska zobaczy\u0107 kota, dowiedzie\u0107 si\u0119, jak nale\u017cy opiekowa\u0107 si\u0119 zwierz\u0119ciem oraz jak w\u0142a\u015bciwie zachowywa\u0107 si\u0119 w jego obecno\u015bci. Przedszkolaki z du\u017cym zainteresowaniem s\u0142ucha\u0142y ciekawostek o kotach i obserwowa\u0142y naszego wyj\u0105tkowego go\u015bcia.<\/p>\n<p>By\u0142o to bardzo mi\u0142e i pouczaj\u0105ce spotkanie, kt\u00f3re sprawi\u0142o dzieciom wiele rado\u015bci.<\/p>\n<p><img loading=\"lazy\" decoding=\"async\" class=\"alignnone size-medium wp-image-1978\" src=\"https:\/\/przedszkole13.edu.wroclaw.pl\/wp-content\/uploads\/sites\/18\/2026\/03\/spotkanie-z-kotem-1-225x300.jpg\" alt=\"\" width=\"225\" height=\"300\" srcset=\"https:\/\/przedszkole13.edu.wroclaw.pl\/wp-content\/uploads\/sites\/18\/2026\/03\/spotkanie-z-kotem-1-225x300.jpg 225w, https:\/\/przedszkole13.edu.wroclaw.pl\/wp-content\/uploads\/sites\/18\/2026\/03\/spotkanie-z-kotem-1-768x1024.jpg 768w, https:\/\/przedszkole13.edu.wroclaw.pl\/wp-content\/uploads\/sites\/18\/2026\/03\/spotkanie-z-kotem-1-1152x1536.jpg 1152w, https:\/\/przedszkole13.edu.wroclaw.pl\/wp-content\/uploads\/sites\/18\/2026\/03\/spotkanie-z-kotem-1.jpg 1512w\" sizes=\"auto, (max-width: 225px) 100vw, 225px\" \/><\/p>\n","protected":false},"excerpt":{"rendered":"<p>W naszym przedszkolu ch\u0119tnie organizujemy r\u00f3\u017cne dodatkowe \u015bwi\u0119ta i dni tematyczne, kt\u00f3re sprawiaj\u0105 dzieciom du\u017co rado\u015bci oraz s\u0105 okazj\u0105 do zdobywania nowych do\u015bwiadcze\u0144. Z okazji Dnia Kota, 05.03.2026 r., odby\u0142o [&hellip;]<\/p>\n","protected":false},"author":451,"featured_media":1982,"comment_status":"closed","ping_status":"open","sticky":false,"template":"","format":"standard","meta":{"ngg_post_thumbnail":0,"footnotes":""},"categories":[3],"tags":[],"class_list":["post-1977","post","type-post","status-publish","format-standard","has-post-thumbnail","hentry","category-aktualnosci","clearfix"],"_links":{"self":[{"href":"https:\/\/przedszkole13.edu.wroclaw.pl\/index.php\/wp-json\/wp\/v2\/posts\/1977","targetHints":{"allow":["GET"]}}],"collection":[{"href":"https:\/\/przedszkole13.edu.wroclaw.pl\/index.php\/wp-json\/wp\/v2\/posts"}],"about":[{"href":"https:\/\/przedszkole13.edu.wroclaw.pl\/index.php\/wp-json\/wp\/v2\/types\/post"}],"author":[{"embeddable":true,"href":"https:\/\/przedszkole13.edu.wroclaw.pl\/index.php\/wp-json\/wp\/v2\/users\/451"}],"replies":[{"embeddable":true,"href":"https:\/\/przedszkole13.edu.wroclaw.pl\/index.php\/wp-json\/wp\/v2\/comments?post=1977"}],"version-history":[{"count":1,"href":"https:\/\/przedszkole13.edu.wroclaw.pl\/index.php\/wp-json\/wp\/v2\/posts\/1977\/revisions"}],"predecessor-version":[{"id":1983,"href":"https:\/\/przedszkole13.edu.wroclaw.pl\/index.php\/wp-json\/wp\/v2\/posts\/1977\/revisions\/1983"}],"wp:featuredmedia":[{"embeddable":true,"href":"https:\/\/przedszkole13.edu.wroclaw.pl\/index.php\/wp-json\/wp\/v2\/media\/1982"}],"wp:attachment":[{"href":"https:\/\/przedszkole13.edu.wroclaw.pl\/index.php\/wp-json\/wp\/v2\/media?parent=1977"}],"wp:term":[{"taxonomy":"category","embeddable":true,"href":"https:\/\/przedszkole13.edu.wroclaw.pl\/index.php\/wp-json\/wp\/v2\/categories?post=1977"},{"taxonomy":"post_tag","embeddable":true,"href":"https:\/\/przedszkole13.edu.wroclaw.pl\/index.php\/wp-json\/wp\/v2\/tags?post=1977"}],"curies":[{"name":"wp","href":"https:\/\/api.w.org\/{rel}","templated":true}]}}