
{"id":1972,"date":"2026-03-09T08:53:13","date_gmt":"2026-03-09T07:53:13","guid":{"rendered":"https:\/\/przedszkole13.edu.wroclaw.pl\/?p=1972"},"modified":"2026-03-09T08:53:13","modified_gmt":"2026-03-09T07:53:13","slug":"wizyta-na-politechnice-wroclawskiej","status":"publish","type":"post","link":"https:\/\/przedszkole13.edu.wroclaw.pl\/index.php\/2026\/03\/09\/wizyta-na-politechnice-wroclawskiej\/","title":{"rendered":"Wizyta na Politechnice Wroc\u0142awskiej"},"content":{"rendered":"<p class=\"isSelectedEnd\">26.02.2026 r. dzieci z grupy II i III odwiedzi\u0142y Wydzia\u0142 Mechaniczny Politechniki Wroc\u0142awskiej. Ju\u017c sam dojazd by\u0142 dla przedszkolak\u00f3w wielk\u0105 atrakcj\u0105 \u2013 dzieci mia\u0142y okazj\u0119 przejecha\u0107 si\u0119 kolejk\u0105 linow\u0105 Politechniki Wroc\u0142awskiej nad Odr\u0105.<\/p>\n<p class=\"isSelectedEnd\">Na miejscu pracownicy oraz studenci oprowadzili dzieci po r\u00f3\u017cnych stanowiskach i laboratoriach, prezentuj\u0105c w ciekawy i przyst\u0119pny spos\u00f3b \u015bwiat nauki oraz nowoczesnych technologii. Przedszkolaki mog\u0142y zobaczy\u0107 m.in.:<\/p>\n<ul data-spread=\"false\">\n<li>\n<p class=\"isSelectedEnd\">laser wypalaj\u0105cy zdj\u0119cie grupowe,<\/p>\n<\/li>\n<li>\n<p class=\"isSelectedEnd\">mikroskop,<\/p>\n<\/li>\n<li>\n<p class=\"isSelectedEnd\">laboratorium tomografii komputerowej,<\/p>\n<\/li>\n<li>\n<p class=\"isSelectedEnd\">do\u015bwiadczenie z rozci\u0105ganiem \u017celka \u2013 badanie, ile si\u0142y potrzeba, aby go rozci\u0105gn\u0105\u0107,<\/p>\n<\/li>\n<li>\n<p class=\"isSelectedEnd\">endoprotezy,<\/p>\n<\/li>\n<li>\n<p class=\"isSelectedEnd\">roboty z chwytakiem,<\/p>\n<\/li>\n<li>\n<p class=\"isSelectedEnd\">drukark\u0119 3D,<\/p>\n<\/li>\n<li>\n<p class=\"isSelectedEnd\">projekt <strong>PWr in Space<\/strong> oraz informacje o rakiecie <strong>RGAether<\/strong>,<\/p>\n<\/li>\n<li>\n<p class=\"isSelectedEnd\">bolidy budowane przez student\u00f3w,<\/p>\n<\/li>\n<li>\n<p class=\"isSelectedEnd\">symulator,<\/p>\n<\/li>\n<li>\n<p class=\"isSelectedEnd\">\u0142aziki z manipulatorami.<\/p>\n<\/li>\n<\/ul>\n<p>Wizyta by\u0142a dla dzieci niezwykle ciekawym do\u015bwiadczeniem. Przedszkolaki mog\u0142y zobaczy\u0107, jak wygl\u0105da praca naukowc\u00f3w i student\u00f3w oraz pozna\u0107 wiele nowoczesnych urz\u0105dze\u0144 wykorzystywanych w nauce i technice. Dzieci wr\u00f3ci\u0142y do przedszkola z ogromn\u0105 ilo\u015bci\u0105 wra\u017ce\u0144 i nowych do\u015bwiadcze\u0144.<\/p>\n<p><img loading=\"lazy\" decoding=\"async\" class=\"alignnone size-medium wp-image-1973\" src=\"https:\/\/przedszkole13.edu.wroclaw.pl\/wp-content\/uploads\/sites\/18\/2026\/03\/politechnika-2-225x300.jpg\" alt=\"\" width=\"225\" height=\"300\" srcset=\"https:\/\/przedszkole13.edu.wroclaw.pl\/wp-content\/uploads\/sites\/18\/2026\/03\/politechnika-2-225x300.jpg 225w, https:\/\/przedszkole13.edu.wroclaw.pl\/wp-content\/uploads\/sites\/18\/2026\/03\/politechnika-2-768x1024.jpg 768w, https:\/\/przedszkole13.edu.wroclaw.pl\/wp-content\/uploads\/sites\/18\/2026\/03\/politechnika-2-1152x1536.jpg 1152w, https:\/\/przedszkole13.edu.wroclaw.pl\/wp-content\/uploads\/sites\/18\/2026\/03\/politechnika-2-1536x2048.jpg 1536w, https:\/\/przedszkole13.edu.wroclaw.pl\/wp-content\/uploads\/sites\/18\/2026\/03\/politechnika-2-scaled.jpg 1920w\" sizes=\"auto, (max-width: 225px) 100vw, 225px\" \/> <img loading=\"lazy\" decoding=\"async\" class=\"alignnone size-medium wp-image-1974\" src=\"https:\/\/przedszkole13.edu.wroclaw.pl\/wp-content\/uploads\/sites\/18\/2026\/03\/politechnika-3-225x300.jpg\" alt=\"\" width=\"225\" height=\"300\" srcset=\"https:\/\/przedszkole13.edu.wroclaw.pl\/wp-content\/uploads\/sites\/18\/2026\/03\/politechnika-3-225x300.jpg 225w, https:\/\/przedszkole13.edu.wroclaw.pl\/wp-content\/uploads\/sites\/18\/2026\/03\/politechnika-3-768x1024.jpg 768w, https:\/\/przedszkole13.edu.wroclaw.pl\/wp-content\/uploads\/sites\/18\/2026\/03\/politechnika-3-1152x1536.jpg 1152w, https:\/\/przedszkole13.edu.wroclaw.pl\/wp-content\/uploads\/sites\/18\/2026\/03\/politechnika-3-1536x2048.jpg 1536w, https:\/\/przedszkole13.edu.wroclaw.pl\/wp-content\/uploads\/sites\/18\/2026\/03\/politechnika-3-scaled.jpg 1920w\" sizes=\"auto, (max-width: 225px) 100vw, 225px\" \/><\/p>\n","protected":false},"excerpt":{"rendered":"<p>26.02.2026 r. dzieci z grupy II i III odwiedzi\u0142y Wydzia\u0142 Mechaniczny Politechniki Wroc\u0142awskiej. Ju\u017c sam dojazd by\u0142 dla przedszkolak\u00f3w wielk\u0105 atrakcj\u0105 \u2013 dzieci mia\u0142y okazj\u0119 przejecha\u0107 si\u0119 kolejk\u0105 linow\u0105 Politechniki [&hellip;]<\/p>\n","protected":false},"author":451,"featured_media":1975,"comment_status":"closed","ping_status":"open","sticky":false,"template":"","format":"standard","meta":{"ngg_post_thumbnail":0,"footnotes":""},"categories":[3],"tags":[],"class_list":["post-1972","post","type-post","status-publish","format-standard","has-post-thumbnail","hentry","category-aktualnosci","clearfix"],"_links":{"self":[{"href":"https:\/\/przedszkole13.edu.wroclaw.pl\/index.php\/wp-json\/wp\/v2\/posts\/1972","targetHints":{"allow":["GET"]}}],"collection":[{"href":"https:\/\/przedszkole13.edu.wroclaw.pl\/index.php\/wp-json\/wp\/v2\/posts"}],"about":[{"href":"https:\/\/przedszkole13.edu.wroclaw.pl\/index.php\/wp-json\/wp\/v2\/types\/post"}],"author":[{"embeddable":true,"href":"https:\/\/przedszkole13.edu.wroclaw.pl\/index.php\/wp-json\/wp\/v2\/users\/451"}],"replies":[{"embeddable":true,"href":"https:\/\/przedszkole13.edu.wroclaw.pl\/index.php\/wp-json\/wp\/v2\/comments?post=1972"}],"version-history":[{"count":1,"href":"https:\/\/przedszkole13.edu.wroclaw.pl\/index.php\/wp-json\/wp\/v2\/posts\/1972\/revisions"}],"predecessor-version":[{"id":1976,"href":"https:\/\/przedszkole13.edu.wroclaw.pl\/index.php\/wp-json\/wp\/v2\/posts\/1972\/revisions\/1976"}],"wp:featuredmedia":[{"embeddable":true,"href":"https:\/\/przedszkole13.edu.wroclaw.pl\/index.php\/wp-json\/wp\/v2\/media\/1975"}],"wp:attachment":[{"href":"https:\/\/przedszkole13.edu.wroclaw.pl\/index.php\/wp-json\/wp\/v2\/media?parent=1972"}],"wp:term":[{"taxonomy":"category","embeddable":true,"href":"https:\/\/przedszkole13.edu.wroclaw.pl\/index.php\/wp-json\/wp\/v2\/categories?post=1972"},{"taxonomy":"post_tag","embeddable":true,"href":"https:\/\/przedszkole13.edu.wroclaw.pl\/index.php\/wp-json\/wp\/v2\/tags?post=1972"}],"curies":[{"name":"wp","href":"https:\/\/api.w.org\/{rel}","templated":true}]}}