
{"id":1628,"date":"2025-02-28T07:59:57","date_gmt":"2025-02-28T06:59:57","guid":{"rendered":"https:\/\/przedszkole13.edu.wroclaw.pl\/?p=1628"},"modified":"2025-02-28T08:06:40","modified_gmt":"2025-02-28T07:06:40","slug":"rekrutacja-do-przedszkola-na-rok-szkolny-2025-2026","status":"publish","type":"post","link":"https:\/\/przedszkole13.edu.wroclaw.pl\/index.php\/2025\/02\/28\/rekrutacja-do-przedszkola-na-rok-szkolny-2025-2026\/","title":{"rendered":"Rekrutacja do przedszkola na rok szkolny 2025-2026"},"content":{"rendered":"<div class=\"wpb-content-wrapper\"><p>[vc_row][vc_column][vc_column_text css=&#8221;&#8221;]Informacje dotycz\u0105ce rekrutacji:<\/p>\n<p><a href=\"https:\/\/przedszkole13.edu.wroclaw.pl\/wp-content\/uploads\/sites\/18\/2025\/02\/01-HARMONOGRAM-DLA-RODZICOW-I-ETAP-docx-13.3-KB.docx\">01- HARMONOGRAM DLA RODZIC\u00d3W &#8211; I ETAP [docx 13.3 KB]<\/a><\/p>\n<p><a href=\"https:\/\/przedszkole13.edu.wroclaw.pl\/wp-content\/uploads\/sites\/18\/2025\/02\/02-HARMONOGRAM-DLA-RODZICOW-II-ETAP-docx-13.3-KB.docx\">02- HARMONOGRAM DLA RODZIC\u00d3W &#8211; II ETAP [docx 13.3 KB]<\/a><\/p>\n<p><a href=\"https:\/\/przedszkole13.edu.wroclaw.pl\/wp-content\/uploads\/sites\/18\/2025\/02\/03-INFORMACJE-OGOLNE-docx-13.1-KB.docx\">03 &#8211; INFORMACJE OG\u00d3LNE [docx 13.1 KB]<\/a><\/p>\n<p><a href=\"https:\/\/przedszkole13.edu.wroclaw.pl\/wp-content\/uploads\/sites\/18\/2025\/02\/04-KONTYNUACJE-docx-12.8-KB.docx\">04 &#8211; KONTYNUACJE [docx 12.8 KB]<\/a><\/p>\n<p><a href=\"https:\/\/przedszkole13.edu.wroclaw.pl\/wp-content\/uploads\/sites\/18\/2025\/02\/05-KRYTERIA-docx-30.8-KB.docx\">05 &#8211; KRYTERIA [docx 30.8 KB]<\/a><\/p>\n<p><a href=\"https:\/\/przedszkole13.edu.wroclaw.pl\/wp-content\/uploads\/sites\/18\/2025\/02\/06-PODSTAWA-PRAWNA-docx-13.9-KB.docx\">06 &#8211; PODSTAWA PRAWNA [docx 13.9 KB]<\/a><\/p>\n<p><a href=\"https:\/\/przedszkole13.edu.wroclaw.pl\/wp-content\/uploads\/sites\/18\/2025\/02\/07-UDZIAL-W-REKRUTACJI-docx-12.7-KB.docx\">07 &#8211; UDZIA\u0141 W REKRUTACJI [docx 12.7 KB]<\/a><\/p>\n<p><a href=\"https:\/\/przedszkole13.edu.wroclaw.pl\/wp-content\/uploads\/sites\/18\/2025\/02\/08-DZIECI-O-SPECJALNYCH-POTRZEBACH-EDUKACYJNYCH-docx-16.4-KB.docx\">08 &#8211; DZIECI O SPECJALNYCH POTRZEBACH EDUKACYJNYCH [docx 16.4 KB]<\/a><\/p>\n<p><a href=\"https:\/\/przedszkole13.edu.wroclaw.pl\/wp-content\/uploads\/sites\/18\/2025\/02\/09-ZARZADZENIE-PREZYDENTA-TERMINY-REKRUTACJI-pdf-86.9-KB.pdf\">09 &#8211; ZARZ\u0104DZENIE PREZYDENTA &#8211; TERMINY REKRUTACJI [pdf 86.9 KB]<\/a><\/p>\n<p><a href=\"https:\/\/przedszkole13.edu.wroclaw.pl\/wp-content\/uploads\/sites\/18\/2025\/02\/10-UCHWALA-WS-KRYTERIOW-pdf-931KB.pdf\">10 &#8211; UCHWA\u0141A WS KRYTERI\u00d3W [pdf 931KB]<\/a><\/p>\n<p>&nbsp;[\/vc_column_text][\/vc_column][\/vc_row]<\/p>\n<\/div>","protected":false},"excerpt":{"rendered":"<p>[vc_row][vc_column][vc_column_text css=&#8221;&#8221;]Informacje dotycz\u0105ce rekrutacji: 01- HARMONOGRAM DLA RODZIC\u00d3W &#8211; I ETAP [docx 13.3 KB] 02- HARMONOGRAM DLA RODZIC\u00d3W &#8211; II ETAP [docx 13.3 KB] 03 &#8211; INFORMACJE OG\u00d3LNE [docx 13.1 [&hellip;]<\/p>\n","protected":false},"author":72,"featured_media":934,"comment_status":"closed","ping_status":"open","sticky":false,"template":"","format":"standard","meta":{"ngg_post_thumbnail":0,"footnotes":""},"categories":[3],"tags":[],"class_list":["post-1628","post","type-post","status-publish","format-standard","has-post-thumbnail","hentry","category-aktualnosci","clearfix"],"_links":{"self":[{"href":"https:\/\/przedszkole13.edu.wroclaw.pl\/index.php\/wp-json\/wp\/v2\/posts\/1628","targetHints":{"allow":["GET"]}}],"collection":[{"href":"https:\/\/przedszkole13.edu.wroclaw.pl\/index.php\/wp-json\/wp\/v2\/posts"}],"about":[{"href":"https:\/\/przedszkole13.edu.wroclaw.pl\/index.php\/wp-json\/wp\/v2\/types\/post"}],"author":[{"embeddable":true,"href":"https:\/\/przedszkole13.edu.wroclaw.pl\/index.php\/wp-json\/wp\/v2\/users\/72"}],"replies":[{"embeddable":true,"href":"https:\/\/przedszkole13.edu.wroclaw.pl\/index.php\/wp-json\/wp\/v2\/comments?post=1628"}],"version-history":[{"count":1,"href":"https:\/\/przedszkole13.edu.wroclaw.pl\/index.php\/wp-json\/wp\/v2\/posts\/1628\/revisions"}],"predecessor-version":[{"id":1639,"href":"https:\/\/przedszkole13.edu.wroclaw.pl\/index.php\/wp-json\/wp\/v2\/posts\/1628\/revisions\/1639"}],"wp:featuredmedia":[{"embeddable":true,"href":"https:\/\/przedszkole13.edu.wroclaw.pl\/index.php\/wp-json\/wp\/v2\/media\/934"}],"wp:attachment":[{"href":"https:\/\/przedszkole13.edu.wroclaw.pl\/index.php\/wp-json\/wp\/v2\/media?parent=1628"}],"wp:term":[{"taxonomy":"category","embeddable":true,"href":"https:\/\/przedszkole13.edu.wroclaw.pl\/index.php\/wp-json\/wp\/v2\/categories?post=1628"},{"taxonomy":"post_tag","embeddable":true,"href":"https:\/\/przedszkole13.edu.wroclaw.pl\/index.php\/wp-json\/wp\/v2\/tags?post=1628"}],"curies":[{"name":"wp","href":"https:\/\/api.w.org\/{rel}","templated":true}]}}