
{"id":1452,"date":"2023-04-28T15:29:57","date_gmt":"2023-04-28T13:29:57","guid":{"rendered":"https:\/\/przedszkole13.edu.wroclaw.pl\/?p=1452"},"modified":"2025-04-09T13:05:03","modified_gmt":"2025-04-09T11:05:03","slug":"wizyta-zabek-w-zajezdni-tramwajowej","status":"publish","type":"post","link":"https:\/\/przedszkole13.edu.wroclaw.pl\/index.php\/2023\/04\/28\/wizyta-zabek-w-zajezdni-tramwajowej\/","title":{"rendered":"Wizyta \u017babek w Zajezdni Tramwajowej"},"content":{"rendered":"<p>\u017babki o tramwajach wiedz\u0105 ju\u017c wszystko.<\/p>\n<p><img loading=\"lazy\" decoding=\"async\" class=\"alignnone size-medium wp-image-1447\" src=\"https:\/\/przedszkole13.edu.wroclaw.pl\/wp-content\/uploads\/sites\/18\/2023\/04\/IMG-20230427-WA0003-300x169.jpg\" alt=\"\" width=\"300\" height=\"169\" srcset=\"https:\/\/przedszkole13.edu.wroclaw.pl\/wp-content\/uploads\/sites\/18\/2023\/04\/IMG-20230427-WA0003-300x169.jpg 300w, https:\/\/przedszkole13.edu.wroclaw.pl\/wp-content\/uploads\/sites\/18\/2023\/04\/IMG-20230427-WA0003-1024x576.jpg 1024w, https:\/\/przedszkole13.edu.wroclaw.pl\/wp-content\/uploads\/sites\/18\/2023\/04\/IMG-20230427-WA0003-768x432.jpg 768w, https:\/\/przedszkole13.edu.wroclaw.pl\/wp-content\/uploads\/sites\/18\/2023\/04\/IMG-20230427-WA0003-600x338.jpg 600w, https:\/\/przedszkole13.edu.wroclaw.pl\/wp-content\/uploads\/sites\/18\/2023\/04\/IMG-20230427-WA0003-1536x864.jpg 1536w, https:\/\/przedszkole13.edu.wroclaw.pl\/wp-content\/uploads\/sites\/18\/2023\/04\/IMG-20230427-WA0003.jpg 1600w\" sizes=\"auto, (max-width: 300px) 100vw, 300px\" \/><img loading=\"lazy\" decoding=\"async\" class=\"alignnone size-medium wp-image-1448\" src=\"https:\/\/przedszkole13.edu.wroclaw.pl\/wp-content\/uploads\/sites\/18\/2023\/04\/IMG-20230427-WA0012-169x300.jpg\" alt=\"\" width=\"169\" height=\"300\" srcset=\"https:\/\/przedszkole13.edu.wroclaw.pl\/wp-content\/uploads\/sites\/18\/2023\/04\/IMG-20230427-WA0012-169x300.jpg 169w, https:\/\/przedszkole13.edu.wroclaw.pl\/wp-content\/uploads\/sites\/18\/2023\/04\/IMG-20230427-WA0012-576x1024.jpg 576w, https:\/\/przedszkole13.edu.wroclaw.pl\/wp-content\/uploads\/sites\/18\/2023\/04\/IMG-20230427-WA0012-768x1365.jpg 768w, https:\/\/przedszkole13.edu.wroclaw.pl\/wp-content\/uploads\/sites\/18\/2023\/04\/IMG-20230427-WA0012-600x1067.jpg 600w, https:\/\/przedszkole13.edu.wroclaw.pl\/wp-content\/uploads\/sites\/18\/2023\/04\/IMG-20230427-WA0012-864x1536.jpg 864w, https:\/\/przedszkole13.edu.wroclaw.pl\/wp-content\/uploads\/sites\/18\/2023\/04\/IMG-20230427-WA0012.jpg 900w\" sizes=\"auto, (max-width: 169px) 100vw, 169px\" \/><\/p>\n","protected":false},"excerpt":{"rendered":"<p>\u017babki o tramwajach wiedz\u0105 ju\u017c wszystko.<\/p>\n","protected":false},"author":262,"featured_media":1447,"comment_status":"closed","ping_status":"open","sticky":false,"template":"","format":"standard","meta":{"ngg_post_thumbnail":0,"footnotes":""},"categories":[3],"tags":[],"class_list":["post-1452","post","type-post","status-publish","format-standard","has-post-thumbnail","hentry","category-aktualnosci","clearfix"],"_links":{"self":[{"href":"https:\/\/przedszkole13.edu.wroclaw.pl\/index.php\/wp-json\/wp\/v2\/posts\/1452","targetHints":{"allow":["GET"]}}],"collection":[{"href":"https:\/\/przedszkole13.edu.wroclaw.pl\/index.php\/wp-json\/wp\/v2\/posts"}],"about":[{"href":"https:\/\/przedszkole13.edu.wroclaw.pl\/index.php\/wp-json\/wp\/v2\/types\/post"}],"author":[{"embeddable":true,"href":"https:\/\/przedszkole13.edu.wroclaw.pl\/index.php\/wp-json\/wp\/v2\/users\/262"}],"replies":[{"embeddable":true,"href":"https:\/\/przedszkole13.edu.wroclaw.pl\/index.php\/wp-json\/wp\/v2\/comments?post=1452"}],"version-history":[{"count":1,"href":"https:\/\/przedszkole13.edu.wroclaw.pl\/index.php\/wp-json\/wp\/v2\/posts\/1452\/revisions"}],"predecessor-version":[{"id":1453,"href":"https:\/\/przedszkole13.edu.wroclaw.pl\/index.php\/wp-json\/wp\/v2\/posts\/1452\/revisions\/1453"}],"wp:featuredmedia":[{"embeddable":true,"href":"https:\/\/przedszkole13.edu.wroclaw.pl\/index.php\/wp-json\/wp\/v2\/media\/1447"}],"wp:attachment":[{"href":"https:\/\/przedszkole13.edu.wroclaw.pl\/index.php\/wp-json\/wp\/v2\/media?parent=1452"}],"wp:term":[{"taxonomy":"category","embeddable":true,"href":"https:\/\/przedszkole13.edu.wroclaw.pl\/index.php\/wp-json\/wp\/v2\/categories?post=1452"},{"taxonomy":"post_tag","embeddable":true,"href":"https:\/\/przedszkole13.edu.wroclaw.pl\/index.php\/wp-json\/wp\/v2\/tags?post=1452"}],"curies":[{"name":"wp","href":"https:\/\/api.w.org\/{rel}","templated":true}]}}