
{"id":1228,"date":"2022-05-31T21:23:49","date_gmt":"2022-05-31T19:23:49","guid":{"rendered":"https:\/\/przedszkole13.edu.wroclaw.pl\/?p=1228"},"modified":"2022-05-31T21:23:49","modified_gmt":"2022-05-31T19:23:49","slug":"wycieczka-do-zielonej-doliny","status":"publish","type":"post","link":"https:\/\/przedszkole13.edu.wroclaw.pl\/index.php\/2022\/05\/31\/wycieczka-do-zielonej-doliny\/","title":{"rendered":"Wycieczka do Zielonej Doliny"},"content":{"rendered":"<p>Dnia 23.05.2022 dzieci z wszystkich grup odwiedzi\u0142y Zielon\u0105 Dolin\u0119, znajduj\u0105c\u0105 si\u0119 w Krzeptowie, ko\u0142o K\u0105t\u00f3w Wroc\u0142awskich. Pozna\u0142y tam prac\u0119 farmera, pozna\u0142y wiejskie zwierz\u0119ta.<\/p>\n<p><img loading=\"lazy\" decoding=\"async\" class=\"alignnone size-medium wp-image-1231\" src=\"https:\/\/przedszkole13.edu.wroclaw.pl\/wp-content\/uploads\/sites\/18\/2022\/05\/WYLW1445-2-225x300.jpg\" alt=\"Zdj\u0119cie przedstawia dziewczynk\u0119 ubran\u0105 w r\u00f3\u017cow\u0105 bluzk\u0119, siedz\u0105c\u0105 przy sztucznej kozie. Dziewczynka wygl\u0105da, jakby koz\u0119 doi\u0142a\" width=\"225\" height=\"300\" srcset=\"https:\/\/przedszkole13.edu.wroclaw.pl\/wp-content\/uploads\/sites\/18\/2022\/05\/WYLW1445-2-225x300.jpg 225w, https:\/\/przedszkole13.edu.wroclaw.pl\/wp-content\/uploads\/sites\/18\/2022\/05\/WYLW1445-2-768x1024.jpg 768w, https:\/\/przedszkole13.edu.wroclaw.pl\/wp-content\/uploads\/sites\/18\/2022\/05\/WYLW1445-2-600x800.jpg 600w, https:\/\/przedszkole13.edu.wroclaw.pl\/wp-content\/uploads\/sites\/18\/2022\/05\/WYLW1445-2.jpg 948w\" sizes=\"auto, (max-width: 225px) 100vw, 225px\" \/><img loading=\"lazy\" decoding=\"async\" class=\"alignnone size-medium wp-image-1232\" src=\"https:\/\/przedszkole13.edu.wroclaw.pl\/wp-content\/uploads\/sites\/18\/2022\/05\/FJKH7893-2-300x225.jpg\" alt=\"Zdj\u0119cie przedstawia dzieci stoj\u0105ce przed siatk\u0105, za kt\u00f3r\u0105 znajduj\u0105 si\u0119 kozy.\" width=\"300\" height=\"225\" srcset=\"https:\/\/przedszkole13.edu.wroclaw.pl\/wp-content\/uploads\/sites\/18\/2022\/05\/FJKH7893-2-300x225.jpg 300w, https:\/\/przedszkole13.edu.wroclaw.pl\/wp-content\/uploads\/sites\/18\/2022\/05\/FJKH7893-2-1024x768.jpg 1024w, https:\/\/przedszkole13.edu.wroclaw.pl\/wp-content\/uploads\/sites\/18\/2022\/05\/FJKH7893-2-768x576.jpg 768w, https:\/\/przedszkole13.edu.wroclaw.pl\/wp-content\/uploads\/sites\/18\/2022\/05\/FJKH7893-2-600x450.jpg 600w, https:\/\/przedszkole13.edu.wroclaw.pl\/wp-content\/uploads\/sites\/18\/2022\/05\/FJKH7893-2-1536x1152.jpg 1536w, https:\/\/przedszkole13.edu.wroclaw.pl\/wp-content\/uploads\/sites\/18\/2022\/05\/FJKH7893-2.jpg 1600w\" sizes=\"auto, (max-width: 300px) 100vw, 300px\" \/><img loading=\"lazy\" decoding=\"async\" class=\"alignnone size-medium wp-image-1233\" src=\"https:\/\/przedszkole13.edu.wroclaw.pl\/wp-content\/uploads\/sites\/18\/2022\/05\/FSEV4681-2-300x225.jpg\" alt=\"Zdj\u0119cie przedstawia dzieci siej\u0105ce ziarenka do ziemii.\" width=\"300\" height=\"225\" srcset=\"https:\/\/przedszkole13.edu.wroclaw.pl\/wp-content\/uploads\/sites\/18\/2022\/05\/FSEV4681-2-300x225.jpg 300w, https:\/\/przedszkole13.edu.wroclaw.pl\/wp-content\/uploads\/sites\/18\/2022\/05\/FSEV4681-2-1024x767.jpg 1024w, https:\/\/przedszkole13.edu.wroclaw.pl\/wp-content\/uploads\/sites\/18\/2022\/05\/FSEV4681-2-768x575.jpg 768w, https:\/\/przedszkole13.edu.wroclaw.pl\/wp-content\/uploads\/sites\/18\/2022\/05\/FSEV4681-2-600x449.jpg 600w, https:\/\/przedszkole13.edu.wroclaw.pl\/wp-content\/uploads\/sites\/18\/2022\/05\/FSEV4681-2.jpg 1399w\" sizes=\"auto, (max-width: 300px) 100vw, 300px\" \/><\/p>\n","protected":false},"excerpt":{"rendered":"<p>Dnia 23.05.2022 dzieci z wszystkich grup odwiedzi\u0142y Zielon\u0105 Dolin\u0119, znajduj\u0105c\u0105 si\u0119 w Krzeptowie, ko\u0142o K\u0105t\u00f3w Wroc\u0142awskich. Pozna\u0142y tam prac\u0119 farmera, pozna\u0142y wiejskie zwierz\u0119ta.<\/p>\n","protected":false},"author":262,"featured_media":0,"comment_status":"closed","ping_status":"open","sticky":false,"template":"","format":"standard","meta":{"ngg_post_thumbnail":0,"footnotes":""},"categories":[3],"tags":[],"class_list":["post-1228","post","type-post","status-publish","format-standard","hentry","category-aktualnosci","clearfix"],"_links":{"self":[{"href":"https:\/\/przedszkole13.edu.wroclaw.pl\/index.php\/wp-json\/wp\/v2\/posts\/1228","targetHints":{"allow":["GET"]}}],"collection":[{"href":"https:\/\/przedszkole13.edu.wroclaw.pl\/index.php\/wp-json\/wp\/v2\/posts"}],"about":[{"href":"https:\/\/przedszkole13.edu.wroclaw.pl\/index.php\/wp-json\/wp\/v2\/types\/post"}],"author":[{"embeddable":true,"href":"https:\/\/przedszkole13.edu.wroclaw.pl\/index.php\/wp-json\/wp\/v2\/users\/262"}],"replies":[{"embeddable":true,"href":"https:\/\/przedszkole13.edu.wroclaw.pl\/index.php\/wp-json\/wp\/v2\/comments?post=1228"}],"version-history":[{"count":1,"href":"https:\/\/przedszkole13.edu.wroclaw.pl\/index.php\/wp-json\/wp\/v2\/posts\/1228\/revisions"}],"predecessor-version":[{"id":1234,"href":"https:\/\/przedszkole13.edu.wroclaw.pl\/index.php\/wp-json\/wp\/v2\/posts\/1228\/revisions\/1234"}],"wp:attachment":[{"href":"https:\/\/przedszkole13.edu.wroclaw.pl\/index.php\/wp-json\/wp\/v2\/media?parent=1228"}],"wp:term":[{"taxonomy":"category","embeddable":true,"href":"https:\/\/przedszkole13.edu.wroclaw.pl\/index.php\/wp-json\/wp\/v2\/categories?post=1228"},{"taxonomy":"post_tag","embeddable":true,"href":"https:\/\/przedszkole13.edu.wroclaw.pl\/index.php\/wp-json\/wp\/v2\/tags?post=1228"}],"curies":[{"name":"wp","href":"https:\/\/api.w.org\/{rel}","templated":true}]}}