
{"id":1156,"date":"2022-03-20T17:28:12","date_gmt":"2022-03-20T16:28:12","guid":{"rendered":"https:\/\/przedszkole13.edu.wroclaw.pl\/?p=1156"},"modified":"2022-03-20T17:28:12","modified_gmt":"2022-03-20T16:28:12","slug":"dzien-kolorowej-skarpetki-2","status":"publish","type":"post","link":"https:\/\/przedszkole13.edu.wroclaw.pl\/index.php\/2022\/03\/20\/dzien-kolorowej-skarpetki-2\/","title":{"rendered":"Dzie\u0144 Kolorowej Skarpetki"},"content":{"rendered":"<p>Dzie\u0144 21.03 to Pierwszy Dzie\u0144 Wiosny, ale od 2011 jest to tak\u017ce Mi\u0119dzynarodowy Dzie\u0144 Os\u00f3b z Zespo\u0142em Downa. Data symbolizuje trisomni\u0119 21 chromosomu, kt\u00f3rego dodatkowa kopia znajduje si\u0119 w kom\u00f3rkach organizm\u00f3w os\u00f3b z Zespo\u0142em Downa. Ta symboliczna data przypomina, jak wa\u017cne jest dbanie o r\u00f3wne szanse w spo\u0142ecze\u0144stwie przy zachowaniu r\u00f3\u017cnorodno\u015bci. Edukacja w\u0142\u0105czaj\u0105ca opiera si\u0119 w\u0142a\u015bnie na takim przekonaniu. Dzieci z zespo\u0142em Downa korzystaj\u0105 r\u00f3wnie\u017c z nauki w szko\u0142ach og\u00f3lnodost\u0119pnych. Dlatego tak istotne jest, by dobrze rozumie\u0107 ich potrzeby. W dzie\u0144 ten dwie r\u00f3\u017cne skarpetki- skarpetki nie od pary to nie wstyd, a znak, \u017ce pami\u0119tamy o Mi\u0119dzynarodowym Dniu Os\u00f3b z Zespo\u0142em Downa. W naszym przedszkolu to \u015bwi\u0119to obchodzili\u015bmy wcze\u015bniej, aby w pe\u0142ni cieszy\u0107 si\u0119 z wiosny, w dniu jej przyj\u015bcia. Poni\u017cej zdj\u0119cia i bajka autorstwa jednej z naszych pa\u0144 nauczycielek, czytan\u0105 przez cudownego i uwielbianego przez dzieci Pana Mi\u0142osza (Konarskiego)<\/p>\n<p><iframe loading=\"lazy\" title=\"Skarpetki dla Pani Wiosny\" width=\"500\" height=\"281\" src=\"https:\/\/www.youtube.com\/embed\/DFjL3pIpYcI?start=6&#038;feature=oembed\" frameborder=\"0\" allow=\"accelerometer; autoplay; clipboard-write; encrypted-media; gyroscope; picture-in-picture; web-share\" referrerpolicy=\"strict-origin-when-cross-origin\" allowfullscreen><\/iframe><\/p>\n<p><img loading=\"lazy\" decoding=\"async\" class=\"alignnone size-medium wp-image-1157\" src=\"https:\/\/przedszkole13.edu.wroclaw.pl\/wp-content\/uploads\/sites\/18\/2022\/03\/275994921_115609681068710_9063589618926997060_n-300x225.jpg\" alt=\"\" width=\"300\" height=\"225\" srcset=\"https:\/\/przedszkole13.edu.wroclaw.pl\/wp-content\/uploads\/sites\/18\/2022\/03\/275994921_115609681068710_9063589618926997060_n-300x225.jpg 300w, https:\/\/przedszkole13.edu.wroclaw.pl\/wp-content\/uploads\/sites\/18\/2022\/03\/275994921_115609681068710_9063589618926997060_n-1024x768.jpg 1024w, https:\/\/przedszkole13.edu.wroclaw.pl\/wp-content\/uploads\/sites\/18\/2022\/03\/275994921_115609681068710_9063589618926997060_n-768x576.jpg 768w, https:\/\/przedszkole13.edu.wroclaw.pl\/wp-content\/uploads\/sites\/18\/2022\/03\/275994921_115609681068710_9063589618926997060_n-600x450.jpg 600w, https:\/\/przedszkole13.edu.wroclaw.pl\/wp-content\/uploads\/sites\/18\/2022\/03\/275994921_115609681068710_9063589618926997060_n-1536x1152.jpg 1536w, https:\/\/przedszkole13.edu.wroclaw.pl\/wp-content\/uploads\/sites\/18\/2022\/03\/275994921_115609681068710_9063589618926997060_n.jpg 2048w\" sizes=\"auto, (max-width: 300px) 100vw, 300px\" \/> <img loading=\"lazy\" decoding=\"async\" class=\"alignnone size-medium wp-image-1158\" src=\"https:\/\/przedszkole13.edu.wroclaw.pl\/wp-content\/uploads\/sites\/18\/2022\/03\/276122975_115906887705656_2076497001985166493_n-300x225.jpg\" alt=\"\" width=\"300\" height=\"225\" srcset=\"https:\/\/przedszkole13.edu.wroclaw.pl\/wp-content\/uploads\/sites\/18\/2022\/03\/276122975_115906887705656_2076497001985166493_n-300x225.jpg 300w, https:\/\/przedszkole13.edu.wroclaw.pl\/wp-content\/uploads\/sites\/18\/2022\/03\/276122975_115906887705656_2076497001985166493_n-768x576.jpg 768w, https:\/\/przedszkole13.edu.wroclaw.pl\/wp-content\/uploads\/sites\/18\/2022\/03\/276122975_115906887705656_2076497001985166493_n-600x450.jpg 600w, https:\/\/przedszkole13.edu.wroclaw.pl\/wp-content\/uploads\/sites\/18\/2022\/03\/276122975_115906887705656_2076497001985166493_n.jpg 960w\" sizes=\"auto, (max-width: 300px) 100vw, 300px\" \/><\/p>\n","protected":false},"excerpt":{"rendered":"<p>Dzie\u0144 21.03 to Pierwszy Dzie\u0144 Wiosny, ale od 2011 jest to tak\u017ce Mi\u0119dzynarodowy Dzie\u0144 Os\u00f3b z Zespo\u0142em Downa. Data symbolizuje trisomni\u0119 21 chromosomu, kt\u00f3rego dodatkowa kopia znajduje si\u0119 w kom\u00f3rkach [&hellip;]<\/p>\n","protected":false},"author":262,"featured_media":0,"comment_status":"closed","ping_status":"open","sticky":false,"template":"","format":"standard","meta":{"ngg_post_thumbnail":0,"footnotes":""},"categories":[3],"tags":[],"class_list":["post-1156","post","type-post","status-publish","format-standard","hentry","category-aktualnosci","clearfix"],"_links":{"self":[{"href":"https:\/\/przedszkole13.edu.wroclaw.pl\/index.php\/wp-json\/wp\/v2\/posts\/1156","targetHints":{"allow":["GET"]}}],"collection":[{"href":"https:\/\/przedszkole13.edu.wroclaw.pl\/index.php\/wp-json\/wp\/v2\/posts"}],"about":[{"href":"https:\/\/przedszkole13.edu.wroclaw.pl\/index.php\/wp-json\/wp\/v2\/types\/post"}],"author":[{"embeddable":true,"href":"https:\/\/przedszkole13.edu.wroclaw.pl\/index.php\/wp-json\/wp\/v2\/users\/262"}],"replies":[{"embeddable":true,"href":"https:\/\/przedszkole13.edu.wroclaw.pl\/index.php\/wp-json\/wp\/v2\/comments?post=1156"}],"version-history":[{"count":1,"href":"https:\/\/przedszkole13.edu.wroclaw.pl\/index.php\/wp-json\/wp\/v2\/posts\/1156\/revisions"}],"predecessor-version":[{"id":1159,"href":"https:\/\/przedszkole13.edu.wroclaw.pl\/index.php\/wp-json\/wp\/v2\/posts\/1156\/revisions\/1159"}],"wp:attachment":[{"href":"https:\/\/przedszkole13.edu.wroclaw.pl\/index.php\/wp-json\/wp\/v2\/media?parent=1156"}],"wp:term":[{"taxonomy":"category","embeddable":true,"href":"https:\/\/przedszkole13.edu.wroclaw.pl\/index.php\/wp-json\/wp\/v2\/categories?post=1156"},{"taxonomy":"post_tag","embeddable":true,"href":"https:\/\/przedszkole13.edu.wroclaw.pl\/index.php\/wp-json\/wp\/v2\/tags?post=1156"}],"curies":[{"name":"wp","href":"https:\/\/api.w.org\/{rel}","templated":true}]}}